{"id":1001,"date":"2025-10-22T17:49:24","date_gmt":"2025-10-22T15:49:24","guid":{"rendered":"https:\/\/www.mauxenmots.be\/?p=1001"},"modified":"2025-10-23T17:16:14","modified_gmt":"2025-10-23T15:16:14","slug":"arrivee-nouvelles-professionnelles-centre-pluridisciplinaire","status":"publish","type":"post","link":"https:\/\/www.mauxenmots.be\/index.php\/2025\/10\/22\/arrivee-nouvelles-professionnelles-centre-pluridisciplinaire\/","title":{"rendered":"Bienvenue \u00e0 nos nouvelles collaboratrices au centre pluridisciplinaire !"},"content":{"rendered":"\t\t<div data-elementor-type=\"wp-post\" data-elementor-id=\"1001\" class=\"elementor elementor-1001\">\n\t\t\t\t<div class=\"elementor-element elementor-element-57848ea e-flex e-con-boxed e-con e-parent\" data-id=\"57848ea\" data-element_type=\"container\" data-settings=\"{&quot;background_background&quot;:&quot;classic&quot;}\">\n\t\t\t\t\t<div class=\"e-con-inner\">\n\t\t\t\t<div class=\"elementor-element elementor-element-46b03b3 elementor-widget elementor-widget-text-editor\" data-id=\"46b03b3\" data-element_type=\"widget\" data-widget_type=\"text-editor.default\">\n\t\t\t\t<div class=\"elementor-widget-container\">\n\t\t\t\t\t\t\t\t\t<p data-start=\"458\" data-end=\"570\">Nous avons le plaisir de vous annoncer l\u2019arriv\u00e9e de trois nouvelles professionnelles au sein de notre centre pluridisciplinaire !<\/p><p data-start=\"458\" data-end=\"570\">\ud83d\udc69\u200d\u2695\ufe0f <strong data-start=\"464\" data-end=\"480\">Pauline Kahn<\/strong>, logop\u00e8de,<br data-start=\"491\" data-end=\"494\" \/>\ud83d\udc69\u200d\u2695\ufe0f <strong data-start=\"500\" data-end=\"517\">Marine Michez<\/strong>, logop\u00e8de,<br data-start=\"528\" data-end=\"531\" \/>\ud83c\udf31 <strong data-start=\"534\" data-end=\"552\">Marie Vervaeke<\/strong>, permath\u00e9rapeute.<\/p><p data-start=\"572\" data-end=\"795\">Leur expertise et leur approche bienveillante viennent enrichir l\u2019offre de soins propos\u00e9e au centre. Ensemble, nous continuons \u00e0 accompagner enfants, adolescents et adultes dans une prise en charge globale et personnalis\u00e9e.<\/p><p data-start=\"797\" data-end=\"923\">Nous leur souhaitons la bienvenue et sommes ravis de pouvoir collaborer avec elles pour toujours mieux r\u00e9pondre \u00e0 vos besoins.<\/p>\t\t\t\t\t\t\t\t<\/div>\n\t\t\t\t<\/div>\n\t\t\t\t\t<\/div>\n\t\t\t\t<\/div>\n\t\t\t\t<\/div>\n\t\t","protected":false},"excerpt":{"rendered":"<p>Nous avons le plaisir de vous annoncer l\u2019arriv\u00e9e de trois nouvelles professionnelles au sein de notre centre pluridisciplinaire !<\/p>\n","protected":false},"author":2,"featured_media":1007,"comment_status":"closed","ping_status":"closed","sticky":false,"template":"","format":"standard","meta":{"footnotes":""},"categories":[63],"tags":[],"class_list":["post-1001","post","type-post","status-publish","format-standard","has-post-thumbnail","hentry","category-news-du-centre-maux-en-mots"],"yoast_head":"<!-- This site is optimized with the Yoast SEO plugin v26.5 - https:\/\/yoast.com\/wordpress\/plugins\/seo\/ -->\n<title>Bienvenue \u00e0 nos nouvelles collaboratrices au centre pluridisciplinaire ! - Maux en Mots<\/title>\n<meta name=\"description\" content=\"D\u00e9couvrez les nouvelles professionnelles qui rejoignent notre centre pluridisciplinaire : deux logop\u00e8des, Pauline Kahn et Marine Michez, et une permath\u00e9rapeute, Marie Vervaeke.\" \/>\n<meta name=\"robots\" content=\"index, follow, max-snippet:-1, max-image-preview:large, max-video-preview:-1\" \/>\n<link rel=\"canonical\" href=\"https:\/\/www.mauxenmots.be\/index.php\/2025\/10\/22\/arrivee-nouvelles-professionnelles-centre-pluridisciplinaire\/\" \/>\n<meta property=\"og:locale\" content=\"fr_FR\" \/>\n<meta property=\"og:type\" content=\"article\" \/>\n<meta property=\"og:title\" content=\"Bienvenue \u00e0 nos nouvelles collaboratrices au centre pluridisciplinaire ! - Maux en Mots\" \/>\n<meta property=\"og:description\" content=\"D\u00e9couvrez les nouvelles professionnelles qui rejoignent notre centre pluridisciplinaire : deux logop\u00e8des, Pauline Kahn et Marine Michez, et une permath\u00e9rapeute, Marie Vervaeke.\" \/>\n<meta property=\"og:url\" content=\"https:\/\/www.mauxenmots.be\/index.php\/2025\/10\/22\/arrivee-nouvelles-professionnelles-centre-pluridisciplinaire\/\" \/>\n<meta property=\"og:site_name\" content=\"Maux en Mots\" \/>\n<meta property=\"article:published_time\" content=\"2025-10-22T15:49:24+00:00\" \/>\n<meta property=\"article:modified_time\" content=\"2025-10-23T15:16:14+00:00\" \/>\n<meta property=\"og:image\" content=\"https:\/\/www.mauxenmots.be\/wp-content\/uploads\/2025\/10\/2397489.jpg\" \/>\n\t<meta property=\"og:image:width\" content=\"2000\" \/>\n\t<meta property=\"og:image:height\" content=\"2000\" \/>\n\t<meta property=\"og:image:type\" content=\"image\/jpeg\" \/>\n<meta name=\"author\" content=\"Claude Robalo\" \/>\n<meta name=\"twitter:card\" content=\"summary_large_image\" \/>\n<meta name=\"twitter:label1\" content=\"\u00c9crit par\" \/>\n\t<meta name=\"twitter:data1\" content=\"Claude Robalo\" \/>\n\t<meta name=\"twitter:label2\" content=\"Dur\u00e9e de lecture estim\u00e9e\" \/>\n\t<meta name=\"twitter:data2\" content=\"1 minute\" \/>\n<script type=\"application\/ld+json\" class=\"yoast-schema-graph\">{\"@context\":\"https:\/\/schema.org\",\"@graph\":[{\"@type\":\"Article\",\"@id\":\"https:\/\/www.mauxenmots.be\/index.php\/2025\/10\/22\/arrivee-nouvelles-professionnelles-centre-pluridisciplinaire\/#article\",\"isPartOf\":{\"@id\":\"https:\/\/www.mauxenmots.be\/index.php\/2025\/10\/22\/arrivee-nouvelles-professionnelles-centre-pluridisciplinaire\/\"},\"author\":{\"name\":\"Claude Robalo\",\"@id\":\"https:\/\/www.mauxenmots.be\/#\/schema\/person\/fb3e3fc4a43dc0f6e2e04d9b915cc014\"},\"headline\":\"Bienvenue \u00e0 nos nouvelles collaboratrices au centre pluridisciplinaire !\",\"datePublished\":\"2025-10-22T15:49:24+00:00\",\"dateModified\":\"2025-10-23T15:16:14+00:00\",\"mainEntityOfPage\":{\"@id\":\"https:\/\/www.mauxenmots.be\/index.php\/2025\/10\/22\/arrivee-nouvelles-professionnelles-centre-pluridisciplinaire\/\"},\"wordCount\":92,\"publisher\":{\"@id\":\"https:\/\/www.mauxenmots.be\/#organization\"},\"image\":{\"@id\":\"https:\/\/www.mauxenmots.be\/index.php\/2025\/10\/22\/arrivee-nouvelles-professionnelles-centre-pluridisciplinaire\/#primaryimage\"},\"thumbnailUrl\":\"https:\/\/www.mauxenmots.be\/wp-content\/uploads\/2025\/10\/2397489.jpg\",\"articleSection\":[\"News du centre Maux en mots\"],\"inLanguage\":\"fr-FR\"},{\"@type\":\"WebPage\",\"@id\":\"https:\/\/www.mauxenmots.be\/index.php\/2025\/10\/22\/arrivee-nouvelles-professionnelles-centre-pluridisciplinaire\/\",\"url\":\"https:\/\/www.mauxenmots.be\/index.php\/2025\/10\/22\/arrivee-nouvelles-professionnelles-centre-pluridisciplinaire\/\",\"name\":\"Bienvenue \u00e0 nos nouvelles collaboratrices au centre pluridisciplinaire ! - Maux en Mots\",\"isPartOf\":{\"@id\":\"https:\/\/www.mauxenmots.be\/#website\"},\"primaryImageOfPage\":{\"@id\":\"https:\/\/www.mauxenmots.be\/index.php\/2025\/10\/22\/arrivee-nouvelles-professionnelles-centre-pluridisciplinaire\/#primaryimage\"},\"image\":{\"@id\":\"https:\/\/www.mauxenmots.be\/index.php\/2025\/10\/22\/arrivee-nouvelles-professionnelles-centre-pluridisciplinaire\/#primaryimage\"},\"thumbnailUrl\":\"https:\/\/www.mauxenmots.be\/wp-content\/uploads\/2025\/10\/2397489.jpg\",\"datePublished\":\"2025-10-22T15:49:24+00:00\",\"dateModified\":\"2025-10-23T15:16:14+00:00\",\"description\":\"D\u00e9couvrez les nouvelles professionnelles qui rejoignent notre centre pluridisciplinaire : deux logop\u00e8des, Pauline Kahn et Marine Michez, et une permath\u00e9rapeute, Marie Vervaeke.\",\"breadcrumb\":{\"@id\":\"https:\/\/www.mauxenmots.be\/index.php\/2025\/10\/22\/arrivee-nouvelles-professionnelles-centre-pluridisciplinaire\/#breadcrumb\"},\"inLanguage\":\"fr-FR\",\"potentialAction\":[{\"@type\":\"ReadAction\",\"target\":[\"https:\/\/www.mauxenmots.be\/index.php\/2025\/10\/22\/arrivee-nouvelles-professionnelles-centre-pluridisciplinaire\/\"]}]},{\"@type\":\"ImageObject\",\"inLanguage\":\"fr-FR\",\"@id\":\"https:\/\/www.mauxenmots.be\/index.php\/2025\/10\/22\/arrivee-nouvelles-professionnelles-centre-pluridisciplinaire\/#primaryimage\",\"url\":\"https:\/\/www.mauxenmots.be\/wp-content\/uploads\/2025\/10\/2397489.jpg\",\"contentUrl\":\"https:\/\/www.mauxenmots.be\/wp-content\/uploads\/2025\/10\/2397489.jpg\",\"width\":2000,\"height\":2000},{\"@type\":\"BreadcrumbList\",\"@id\":\"https:\/\/www.mauxenmots.be\/index.php\/2025\/10\/22\/arrivee-nouvelles-professionnelles-centre-pluridisciplinaire\/#breadcrumb\",\"itemListElement\":[{\"@type\":\"ListItem\",\"position\":1,\"name\":\"Accueil\",\"item\":\"https:\/\/www.mauxenmots.be\/\"},{\"@type\":\"ListItem\",\"position\":2,\"name\":\"Bienvenue \u00e0 nos nouvelles collaboratrices au centre pluridisciplinaire !\"}]},{\"@type\":\"WebSite\",\"@id\":\"https:\/\/www.mauxenmots.be\/#website\",\"url\":\"https:\/\/www.mauxenmots.be\/\",\"name\":\"Maux en Mots\",\"description\":\"\",\"publisher\":{\"@id\":\"https:\/\/www.mauxenmots.be\/#organization\"},\"potentialAction\":[{\"@type\":\"SearchAction\",\"target\":{\"@type\":\"EntryPoint\",\"urlTemplate\":\"https:\/\/www.mauxenmots.be\/?s={search_term_string}\"},\"query-input\":{\"@type\":\"PropertyValueSpecification\",\"valueRequired\":true,\"valueName\":\"search_term_string\"}}],\"inLanguage\":\"fr-FR\"},{\"@type\":\"Organization\",\"@id\":\"https:\/\/www.mauxenmots.be\/#organization\",\"name\":\"Maux en Mots\",\"url\":\"https:\/\/www.mauxenmots.be\/\",\"logo\":{\"@type\":\"ImageObject\",\"inLanguage\":\"fr-FR\",\"@id\":\"https:\/\/www.mauxenmots.be\/#\/schema\/logo\/image\/\",\"url\":\"https:\/\/www.mauxenmots.be\/wp-content\/uploads\/2025\/05\/cropped-cropped-IMG-20250122-WA0005-min.jpg\",\"contentUrl\":\"https:\/\/www.mauxenmots.be\/wp-content\/uploads\/2025\/05\/cropped-cropped-IMG-20250122-WA0005-min.jpg\",\"width\":200,\"height\":199,\"caption\":\"Maux en Mots\"},\"image\":{\"@id\":\"https:\/\/www.mauxenmots.be\/#\/schema\/logo\/image\/\"}},{\"@type\":\"Person\",\"@id\":\"https:\/\/www.mauxenmots.be\/#\/schema\/person\/fb3e3fc4a43dc0f6e2e04d9b915cc014\",\"name\":\"Claude Robalo\",\"image\":{\"@type\":\"ImageObject\",\"inLanguage\":\"fr-FR\",\"@id\":\"https:\/\/www.mauxenmots.be\/#\/schema\/person\/image\/\",\"url\":\"https:\/\/www.mauxenmots.be\/wp-content\/uploads\/2025\/05\/cropped-cropped-help-icon1.jpg\",\"contentUrl\":\"https:\/\/www.mauxenmots.be\/wp-content\/uploads\/2025\/05\/cropped-cropped-help-icon1.jpg\",\"caption\":\"Claude Robalo\"},\"sameAs\":[\"https:\/\/cartographie.clauderobalo.be\"],\"url\":\"https:\/\/www.mauxenmots.be\/index.php\/author\/robcla\/\"}]}<\/script>\n<!-- \/ Yoast SEO plugin. -->","yoast_head_json":{"title":"Bienvenue \u00e0 nos nouvelles collaboratrices au centre pluridisciplinaire ! - Maux en Mots","description":"D\u00e9couvrez les nouvelles professionnelles qui rejoignent notre centre pluridisciplinaire : deux logop\u00e8des, Pauline Kahn et Marine Michez, et une permath\u00e9rapeute, Marie Vervaeke.","robots":{"index":"index","follow":"follow","max-snippet":"max-snippet:-1","max-image-preview":"max-image-preview:large","max-video-preview":"max-video-preview:-1"},"canonical":"https:\/\/www.mauxenmots.be\/index.php\/2025\/10\/22\/arrivee-nouvelles-professionnelles-centre-pluridisciplinaire\/","og_locale":"fr_FR","og_type":"article","og_title":"Bienvenue \u00e0 nos nouvelles collaboratrices au centre pluridisciplinaire ! - Maux en Mots","og_description":"D\u00e9couvrez les nouvelles professionnelles qui rejoignent notre centre pluridisciplinaire : deux logop\u00e8des, Pauline Kahn et Marine Michez, et une permath\u00e9rapeute, Marie Vervaeke.","og_url":"https:\/\/www.mauxenmots.be\/index.php\/2025\/10\/22\/arrivee-nouvelles-professionnelles-centre-pluridisciplinaire\/","og_site_name":"Maux en Mots","article_published_time":"2025-10-22T15:49:24+00:00","article_modified_time":"2025-10-23T15:16:14+00:00","og_image":[{"width":2000,"height":2000,"url":"https:\/\/www.mauxenmots.be\/wp-content\/uploads\/2025\/10\/2397489.jpg","type":"image\/jpeg"}],"author":"Claude Robalo","twitter_card":"summary_large_image","twitter_misc":{"\u00c9crit par":"Claude Robalo","Dur\u00e9e de lecture estim\u00e9e":"1 minute"},"schema":{"@context":"https:\/\/schema.org","@graph":[{"@type":"Article","@id":"https:\/\/www.mauxenmots.be\/index.php\/2025\/10\/22\/arrivee-nouvelles-professionnelles-centre-pluridisciplinaire\/#article","isPartOf":{"@id":"https:\/\/www.mauxenmots.be\/index.php\/2025\/10\/22\/arrivee-nouvelles-professionnelles-centre-pluridisciplinaire\/"},"author":{"name":"Claude Robalo","@id":"https:\/\/www.mauxenmots.be\/#\/schema\/person\/fb3e3fc4a43dc0f6e2e04d9b915cc014"},"headline":"Bienvenue \u00e0 nos nouvelles collaboratrices au centre pluridisciplinaire !","datePublished":"2025-10-22T15:49:24+00:00","dateModified":"2025-10-23T15:16:14+00:00","mainEntityOfPage":{"@id":"https:\/\/www.mauxenmots.be\/index.php\/2025\/10\/22\/arrivee-nouvelles-professionnelles-centre-pluridisciplinaire\/"},"wordCount":92,"publisher":{"@id":"https:\/\/www.mauxenmots.be\/#organization"},"image":{"@id":"https:\/\/www.mauxenmots.be\/index.php\/2025\/10\/22\/arrivee-nouvelles-professionnelles-centre-pluridisciplinaire\/#primaryimage"},"thumbnailUrl":"https:\/\/www.mauxenmots.be\/wp-content\/uploads\/2025\/10\/2397489.jpg","articleSection":["News du centre Maux en mots"],"inLanguage":"fr-FR"},{"@type":"WebPage","@id":"https:\/\/www.mauxenmots.be\/index.php\/2025\/10\/22\/arrivee-nouvelles-professionnelles-centre-pluridisciplinaire\/","url":"https:\/\/www.mauxenmots.be\/index.php\/2025\/10\/22\/arrivee-nouvelles-professionnelles-centre-pluridisciplinaire\/","name":"Bienvenue \u00e0 nos nouvelles collaboratrices au centre pluridisciplinaire ! - Maux en Mots","isPartOf":{"@id":"https:\/\/www.mauxenmots.be\/#website"},"primaryImageOfPage":{"@id":"https:\/\/www.mauxenmots.be\/index.php\/2025\/10\/22\/arrivee-nouvelles-professionnelles-centre-pluridisciplinaire\/#primaryimage"},"image":{"@id":"https:\/\/www.mauxenmots.be\/index.php\/2025\/10\/22\/arrivee-nouvelles-professionnelles-centre-pluridisciplinaire\/#primaryimage"},"thumbnailUrl":"https:\/\/www.mauxenmots.be\/wp-content\/uploads\/2025\/10\/2397489.jpg","datePublished":"2025-10-22T15:49:24+00:00","dateModified":"2025-10-23T15:16:14+00:00","description":"D\u00e9couvrez les nouvelles professionnelles qui rejoignent notre centre pluridisciplinaire : deux logop\u00e8des, Pauline Kahn et Marine Michez, et une permath\u00e9rapeute, Marie Vervaeke.","breadcrumb":{"@id":"https:\/\/www.mauxenmots.be\/index.php\/2025\/10\/22\/arrivee-nouvelles-professionnelles-centre-pluridisciplinaire\/#breadcrumb"},"inLanguage":"fr-FR","potentialAction":[{"@type":"ReadAction","target":["https:\/\/www.mauxenmots.be\/index.php\/2025\/10\/22\/arrivee-nouvelles-professionnelles-centre-pluridisciplinaire\/"]}]},{"@type":"ImageObject","inLanguage":"fr-FR","@id":"https:\/\/www.mauxenmots.be\/index.php\/2025\/10\/22\/arrivee-nouvelles-professionnelles-centre-pluridisciplinaire\/#primaryimage","url":"https:\/\/www.mauxenmots.be\/wp-content\/uploads\/2025\/10\/2397489.jpg","contentUrl":"https:\/\/www.mauxenmots.be\/wp-content\/uploads\/2025\/10\/2397489.jpg","width":2000,"height":2000},{"@type":"BreadcrumbList","@id":"https:\/\/www.mauxenmots.be\/index.php\/2025\/10\/22\/arrivee-nouvelles-professionnelles-centre-pluridisciplinaire\/#breadcrumb","itemListElement":[{"@type":"ListItem","position":1,"name":"Accueil","item":"https:\/\/www.mauxenmots.be\/"},{"@type":"ListItem","position":2,"name":"Bienvenue \u00e0 nos nouvelles collaboratrices au centre pluridisciplinaire !"}]},{"@type":"WebSite","@id":"https:\/\/www.mauxenmots.be\/#website","url":"https:\/\/www.mauxenmots.be\/","name":"Maux en Mots","description":"","publisher":{"@id":"https:\/\/www.mauxenmots.be\/#organization"},"potentialAction":[{"@type":"SearchAction","target":{"@type":"EntryPoint","urlTemplate":"https:\/\/www.mauxenmots.be\/?s={search_term_string}"},"query-input":{"@type":"PropertyValueSpecification","valueRequired":true,"valueName":"search_term_string"}}],"inLanguage":"fr-FR"},{"@type":"Organization","@id":"https:\/\/www.mauxenmots.be\/#organization","name":"Maux en Mots","url":"https:\/\/www.mauxenmots.be\/","logo":{"@type":"ImageObject","inLanguage":"fr-FR","@id":"https:\/\/www.mauxenmots.be\/#\/schema\/logo\/image\/","url":"https:\/\/www.mauxenmots.be\/wp-content\/uploads\/2025\/05\/cropped-cropped-IMG-20250122-WA0005-min.jpg","contentUrl":"https:\/\/www.mauxenmots.be\/wp-content\/uploads\/2025\/05\/cropped-cropped-IMG-20250122-WA0005-min.jpg","width":200,"height":199,"caption":"Maux en Mots"},"image":{"@id":"https:\/\/www.mauxenmots.be\/#\/schema\/logo\/image\/"}},{"@type":"Person","@id":"https:\/\/www.mauxenmots.be\/#\/schema\/person\/fb3e3fc4a43dc0f6e2e04d9b915cc014","name":"Claude Robalo","image":{"@type":"ImageObject","inLanguage":"fr-FR","@id":"https:\/\/www.mauxenmots.be\/#\/schema\/person\/image\/","url":"https:\/\/www.mauxenmots.be\/wp-content\/uploads\/2025\/05\/cropped-cropped-help-icon1.jpg","contentUrl":"https:\/\/www.mauxenmots.be\/wp-content\/uploads\/2025\/05\/cropped-cropped-help-icon1.jpg","caption":"Claude Robalo"},"sameAs":["https:\/\/cartographie.clauderobalo.be"],"url":"https:\/\/www.mauxenmots.be\/index.php\/author\/robcla\/"}]}},"_links":{"self":[{"href":"https:\/\/www.mauxenmots.be\/index.php\/wp-json\/wp\/v2\/posts\/1001","targetHints":{"allow":["GET"]}}],"collection":[{"href":"https:\/\/www.mauxenmots.be\/index.php\/wp-json\/wp\/v2\/posts"}],"about":[{"href":"https:\/\/www.mauxenmots.be\/index.php\/wp-json\/wp\/v2\/types\/post"}],"author":[{"embeddable":true,"href":"https:\/\/www.mauxenmots.be\/index.php\/wp-json\/wp\/v2\/users\/2"}],"replies":[{"embeddable":true,"href":"https:\/\/www.mauxenmots.be\/index.php\/wp-json\/wp\/v2\/comments?post=1001"}],"version-history":[{"count":7,"href":"https:\/\/www.mauxenmots.be\/index.php\/wp-json\/wp\/v2\/posts\/1001\/revisions"}],"predecessor-version":[{"id":1026,"href":"https:\/\/www.mauxenmots.be\/index.php\/wp-json\/wp\/v2\/posts\/1001\/revisions\/1026"}],"wp:featuredmedia":[{"embeddable":true,"href":"https:\/\/www.mauxenmots.be\/index.php\/wp-json\/wp\/v2\/media\/1007"}],"wp:attachment":[{"href":"https:\/\/www.mauxenmots.be\/index.php\/wp-json\/wp\/v2\/media?parent=1001"}],"wp:term":[{"taxonomy":"category","embeddable":true,"href":"https:\/\/www.mauxenmots.be\/index.php\/wp-json\/wp\/v2\/categories?post=1001"},{"taxonomy":"post_tag","embeddable":true,"href":"https:\/\/www.mauxenmots.be\/index.php\/wp-json\/wp\/v2\/tags?post=1001"}],"curies":[{"name":"wp","href":"https:\/\/api.w.org\/{rel}","templated":true}]}}