{"id":927,"date":"2025-06-29T11:11:40","date_gmt":"2025-06-29T09:11:40","guid":{"rendered":"https:\/\/www.mauxenmots.be\/?p=927"},"modified":"2025-06-29T11:33:11","modified_gmt":"2025-06-29T09:33:11","slug":"le-petit-cedre-accueil-enfants-parents-0-3-ans-a-enghien","status":"publish","type":"post","link":"https:\/\/www.mauxenmots.be\/index.php\/2025\/06\/29\/le-petit-cedre-accueil-enfants-parents-0-3-ans-a-enghien\/","title":{"rendered":"Le petit c\u00e8dre"},"content":{"rendered":"\t\t<div data-elementor-type=\"wp-post\" data-elementor-id=\"927\" class=\"elementor elementor-927\">\n\t\t\t\t<div class=\"elementor-element elementor-element-a326370 e-flex e-con-boxed e-con e-parent\" data-id=\"a326370\" data-element_type=\"container\">\n\t\t\t\t\t<div class=\"e-con-inner\">\n\t\t\t\t<div class=\"elementor-element elementor-element-78a1de4 elementor-widget elementor-widget-text-editor\" data-id=\"78a1de4\" data-element_type=\"widget\" data-widget_type=\"text-editor.default\">\n\t\t\t\t<div class=\"elementor-widget-container\">\n\t\t\t\t\t\t\t\t\t<p><a href=\"https:\/\/cartographie.clauderobalo.be\/directory\/le-petit-cedre-2\/\">Le PETIT C\u00c8DRE<\/a> accueille les petits de 0 \u00e0 3 ans accomplis, accompagn\u00e9s de Maman, Papa \u2026 etc\u2026 le MARDI et le VENDREDI de 10 \u00e0 12h. Fermeture entre No\u00ebl et Nouvel An ainsi que du 15 juillet au 15 ao\u00fbt.<\/p><p>Le PETIT C\u00c8DRE dispose de deux belles salles de jeux. Diff\u00e9rents espaces sont am\u00e9nag\u00e9s en fonction de l\u2019\u00e2ge des enfants. Chaise haute et chauffe-biberon sont \u00e0 disposition. Un espace toilette permet de changer les petits en toute qui\u00e9tude.<\/p><p>\u00a0<\/p><p>Situ\u00e9 au deuxi\u00e8me \u00e9tage, le lieu est cependant facilement accessible gr\u00e2ce \u00e0 une double rampe. Les poussettes sont gar\u00e9es au rez-de-chauss\u00e9e. Une sonnette, \u00e0 droite de la porte de rue, permet d\u2019appeler de l\u2019aide si n\u00e9cessaire, par exemple s\u2019il y a plusieurs enfants ou des sacs encombrants.<\/p><p>Quelques r\u00e8gles de bien-vivre ensemble sont affich\u00e9es dans le local. La participation financi\u00e8re, non obligatoire, est de maximum 2 \u20ac \u00e0 d\u00e9poser dans la tirelire. Th\u00e9 et caf\u00e9 sont offerts.<\/p><p><img decoding=\"async\" class=\"alignright size-full wp-image-930\" src=\"https:\/\/www.mauxenmots.be\/wp-content\/uploads\/2025\/06\/le_petit_cedre_263x110-min.png\" alt=\"\" width=\"263\" height=\"110\" \/><\/p><p>Renseignements compl\u00e9mentaires\u00a0: Luc Laurent au 0476 49 18 18<\/p><p>Adresse : <strong>rue du B\u00e9guinage 53 7850 Enghien<\/strong><\/p><p>Le PETIT CEDRE s\u2019inscrit dans la filiation de la Maison Verte de Paris.<\/p><p>C\u2019est le 9 janvier 1979 que Fran\u00e7oise Dolto, psychanalyste d\u2019enfants, fonde la Maison Verte avec cinq coll\u00e8gues, \u00e0 Paris dans le XVe arrondissement. C\u2019est un lieu ouvert \u00e0 tous, dont l\u2019objectif est la socialisation du tout-petit de sa naissance jusqu\u2019\u00e0 3 ans.<\/p><p>Pour Fran\u00e7oise Dolto \u00ab\u00a0cette relation pr\u00e9coce interhumaine \u2014corporelle, affective et verbale\u2014 est une pr\u00e9vention formidable de souffrances inutiles. L\u2019enfant vient \u00e0 la Maison Verte accompagn\u00e9 d\u2019un de ses parents ou d\u2019un adulte tut\u00e9laire, passer un moment au cours duquel il entre en contact avec d\u2019autres enfants et d\u2019autres adultes. Lui, comme ses parents, se pr\u00e9parent ainsi \u00e0 la s\u00e9paration au moment de l\u2019entr\u00e9e en cr\u00e8che ou \u00e0 l\u2018\u00e9cole\u2026\u00a0\u00bb\u00a01<\/p><p>Le PETIT CEDRE ouvre ses portes le 27 avril 1990 apr\u00e8s deux ann\u00e9es de r\u00e9flexion men\u00e9es par un groupe de fondateurs et \u00e0 l\u2019initiative du Dr Mauroy, alors p\u00e9diatre de l\u2019ONE \u00e0 la consultation d\u2019Enghien. L\u2019originalit\u00e9 de l\u2019ASBL tient \u00e0 sa fondation par des citoyens engag\u00e9s, sensibilis\u00e9s aux questions de la petite enfance.<\/p><p>La Maison Verte avait fait \u00e9cole en Belgique (la Maison Ouverte de Bruxelles fut cr\u00e9\u00e9e en 1984) et fut source d\u2019inspiration pour cr\u00e9er le projet. Il s\u2019agissait de la premi\u00e8re initiative de ce type en r\u00e9gion wallonne.<\/p><p>Apr\u00e8s un stage \u00e0 la Maison Ouverte (de Bruxelles) et une visite \u00e0 la Maison Verte (de Paris), l\u2019\u00e9quipe a rapidement pris conscience que son projet devait s\u2019adapter \u00e0 son contexte : une petite ville. Enghien a connu un important accroissement de sa population, d\u00fb \u00e0 sa situation g\u00e9ographique et au d\u00e9veloppement de l\u2019infrastructure routi\u00e8re. En 20 ans, la population est pass\u00e9e de 10.000 \u00e0 13.000 habitants. Des familles faisaient le choix de vivre dans une ville conviviale dot\u00e9e d\u2019un riche r\u00e9seau associatif. Les n\u00e9o-arrivants ont trouv\u00e9 au PETIT CEDRE un lieu d\u2019affiliation et d\u2019ancrage pour \u00e9largir leurs r\u00e9seaux sociaux.<\/p><p>Les accueillantes ont un statut de volontaires au sein de l\u2019ASBL. D\u00e8s le d\u00e9part, la notion de \u00ab b\u00e9n\u00e9volat \u00bb a \u00e9t\u00e9 interrog\u00e9e et mise en question. Nous voulions marquer qu\u2019\u00eatre accueillant n\u00e9cessite une r\u00e9flexion sp\u00e9cifique et pas simplement une \u00ab bonne volont\u00e9 \u00bb. La question de ce qui nous rassemble dans une \u00e9thique commune est importante et la r\u00e9flexion \u00e0 propos de la fonction d\u2019accueillante se poursuit au fil du temps et des situations rencontr\u00e9es.<\/p><p>Nous avons cherch\u00e9 des subventions pour payer les frais de fonctionnement et de d\u00e9fraiement. Nous b\u00e9n\u00e9ficions actuellement de subsides de l\u2019ONE et de la ville d\u2019Enghien.<\/p><p>L\u2019ASBL organise une fois par an une conf\u00e9rence en collaboration de l\u2019ONE et de la Ligue des Familles. Ces conf\u00e9rences s\u2019adressent aux parents et aux professionnels, sur des th\u00e8mes concernant l\u2019enfance et l\u2019adolescence. Elle est aussi repr\u00e9sent\u00e9e \u00e0 la \u00ab\u00a0plateforme petite enfance\u00a0\u00bb et \u00e0 la \u00ab\u00a0coordination des intervenants sociaux\u00a0\u00bb de la ville. Elle est donc un partenaire actif du travail de r\u00e9seau et d\u00e9veloppe des collaborations, tout en gardant son identit\u00e9 de simple lieu de rencontre (\u00ab b\u00eate comme chou \u00bb, comme le disait F.\u00a0Dolto).<\/p><p>\u00a0<\/p><p>1\u00a0Extrait du livre de Marie-H\u00e9l\u00e8ne Malandrin \u00ab\u00a0Fran\u00e7oise Dolto, une psychanalyste dans la cit\u00e9, L\u2019aventure de la Maison Verte\u00a0\u00bb.<\/p>\t\t\t\t\t\t\t\t<\/div>\n\t\t\t\t<\/div>\n\t\t\t\t\t<\/div>\n\t\t\t\t<\/div>\n\t\t\t\t<\/div>\n\t\t","protected":false},"excerpt":{"rendered":"<p>Le Petit C\u00e8dre accueille les enfants de 0 \u00e0 3 ans avec leurs parents les mardis et vendredis (10h-12h). Profitez de nos salles de jeux \u00e9quip\u00e9es et d&rsquo;un espace s\u00e9curis\u00e9 pour votre tout-petit.<\/p>\n","protected":false},"author":2,"featured_media":930,"comment_status":"closed","ping_status":"open","sticky":false,"template":"","format":"standard","meta":{"footnotes":""},"categories":[52],"tags":[59,53],"class_list":["post-927","post","type-post","status-publish","format-standard","has-post-thumbnail","hentry","category-reseau-sante-mentale-enghien","tag-accueil-parents-bebe","tag-maison-ouverte"],"yoast_head":"<!-- This site is optimized with the Yoast SEO plugin v26.5 - https:\/\/yoast.com\/wordpress\/plugins\/seo\/ -->\n<title>Le petit c\u00e8dre - Maux en Mots<\/title>\n<meta name=\"description\" content=\"Le Petit C\u00e8dre accueille les enfants de 0 \u00e0 3 ans avec leurs parents les mardis et vendredis (10h-12h). Profitez de nos salles de jeux \u00e9quip\u00e9es et d&#039;un espace s\u00e9curis\u00e9 pour votre tout-petit.\" \/>\n<meta name=\"robots\" content=\"index, follow, max-snippet:-1, max-image-preview:large, max-video-preview:-1\" \/>\n<link rel=\"canonical\" href=\"https:\/\/www.mauxenmots.be\/index.php\/2025\/06\/29\/le-petit-cedre-accueil-enfants-parents-0-3-ans-a-enghien\/\" \/>\n<meta property=\"og:locale\" content=\"fr_FR\" \/>\n<meta property=\"og:type\" content=\"article\" \/>\n<meta property=\"og:title\" content=\"Le petit c\u00e8dre - Maux en Mots\" \/>\n<meta property=\"og:description\" content=\"Le Petit C\u00e8dre accueille les enfants de 0 \u00e0 3 ans avec leurs parents les mardis et vendredis (10h-12h). Profitez de nos salles de jeux \u00e9quip\u00e9es et d&#039;un espace s\u00e9curis\u00e9 pour votre tout-petit.\" \/>\n<meta property=\"og:url\" content=\"https:\/\/www.mauxenmots.be\/index.php\/2025\/06\/29\/le-petit-cedre-accueil-enfants-parents-0-3-ans-a-enghien\/\" \/>\n<meta property=\"og:site_name\" content=\"Maux en Mots\" \/>\n<meta property=\"article:published_time\" content=\"2025-06-29T09:11:40+00:00\" \/>\n<meta property=\"article:modified_time\" content=\"2025-06-29T09:33:11+00:00\" \/>\n<meta property=\"og:image\" content=\"https:\/\/www.mauxenmots.be\/wp-content\/uploads\/2025\/06\/le_petit_cedre_263x110-min.png\" \/>\n\t<meta property=\"og:image:width\" content=\"263\" \/>\n\t<meta property=\"og:image:height\" content=\"110\" \/>\n\t<meta property=\"og:image:type\" content=\"image\/png\" \/>\n<meta name=\"author\" content=\"Claude Robalo\" \/>\n<meta name=\"twitter:card\" content=\"summary_large_image\" \/>\n<meta name=\"twitter:label1\" content=\"\u00c9crit par\" \/>\n\t<meta name=\"twitter:data1\" content=\"Claude Robalo\" \/>\n\t<meta name=\"twitter:label2\" content=\"Dur\u00e9e de lecture estim\u00e9e\" \/>\n\t<meta name=\"twitter:data2\" content=\"4 minutes\" \/>\n<script type=\"application\/ld+json\" class=\"yoast-schema-graph\">{\"@context\":\"https:\/\/schema.org\",\"@graph\":[{\"@type\":\"Article\",\"@id\":\"https:\/\/www.mauxenmots.be\/index.php\/2025\/06\/29\/le-petit-cedre-accueil-enfants-parents-0-3-ans-a-enghien\/#article\",\"isPartOf\":{\"@id\":\"https:\/\/www.mauxenmots.be\/index.php\/2025\/06\/29\/le-petit-cedre-accueil-enfants-parents-0-3-ans-a-enghien\/\"},\"author\":{\"name\":\"Claude Robalo\",\"@id\":\"https:\/\/www.mauxenmots.be\/#\/schema\/person\/fb3e3fc4a43dc0f6e2e04d9b915cc014\"},\"headline\":\"Le petit c\u00e8dre\",\"datePublished\":\"2025-06-29T09:11:40+00:00\",\"dateModified\":\"2025-06-29T09:33:11+00:00\",\"mainEntityOfPage\":{\"@id\":\"https:\/\/www.mauxenmots.be\/index.php\/2025\/06\/29\/le-petit-cedre-accueil-enfants-parents-0-3-ans-a-enghien\/\"},\"wordCount\":757,\"publisher\":{\"@id\":\"https:\/\/www.mauxenmots.be\/#organization\"},\"image\":{\"@id\":\"https:\/\/www.mauxenmots.be\/index.php\/2025\/06\/29\/le-petit-cedre-accueil-enfants-parents-0-3-ans-a-enghien\/#primaryimage\"},\"thumbnailUrl\":\"https:\/\/www.mauxenmots.be\/wp-content\/uploads\/2025\/06\/le_petit_cedre_263x110-min.png\",\"keywords\":[\"accueil parents b\u00e9b\u00e9\",\"Maison ouverte\"],\"articleSection\":[\"R\u00e9seau sant\u00e9 mentale Enghien\"],\"inLanguage\":\"fr-FR\"},{\"@type\":\"WebPage\",\"@id\":\"https:\/\/www.mauxenmots.be\/index.php\/2025\/06\/29\/le-petit-cedre-accueil-enfants-parents-0-3-ans-a-enghien\/\",\"url\":\"https:\/\/www.mauxenmots.be\/index.php\/2025\/06\/29\/le-petit-cedre-accueil-enfants-parents-0-3-ans-a-enghien\/\",\"name\":\"Le petit c\u00e8dre - Maux en Mots\",\"isPartOf\":{\"@id\":\"https:\/\/www.mauxenmots.be\/#website\"},\"primaryImageOfPage\":{\"@id\":\"https:\/\/www.mauxenmots.be\/index.php\/2025\/06\/29\/le-petit-cedre-accueil-enfants-parents-0-3-ans-a-enghien\/#primaryimage\"},\"image\":{\"@id\":\"https:\/\/www.mauxenmots.be\/index.php\/2025\/06\/29\/le-petit-cedre-accueil-enfants-parents-0-3-ans-a-enghien\/#primaryimage\"},\"thumbnailUrl\":\"https:\/\/www.mauxenmots.be\/wp-content\/uploads\/2025\/06\/le_petit_cedre_263x110-min.png\",\"datePublished\":\"2025-06-29T09:11:40+00:00\",\"dateModified\":\"2025-06-29T09:33:11+00:00\",\"description\":\"Le Petit C\u00e8dre accueille les enfants de 0 \u00e0 3 ans avec leurs parents les mardis et vendredis (10h-12h). Profitez de nos salles de jeux \u00e9quip\u00e9es et d'un espace s\u00e9curis\u00e9 pour votre tout-petit.\",\"breadcrumb\":{\"@id\":\"https:\/\/www.mauxenmots.be\/index.php\/2025\/06\/29\/le-petit-cedre-accueil-enfants-parents-0-3-ans-a-enghien\/#breadcrumb\"},\"inLanguage\":\"fr-FR\",\"potentialAction\":[{\"@type\":\"ReadAction\",\"target\":[\"https:\/\/www.mauxenmots.be\/index.php\/2025\/06\/29\/le-petit-cedre-accueil-enfants-parents-0-3-ans-a-enghien\/\"]}]},{\"@type\":\"ImageObject\",\"inLanguage\":\"fr-FR\",\"@id\":\"https:\/\/www.mauxenmots.be\/index.php\/2025\/06\/29\/le-petit-cedre-accueil-enfants-parents-0-3-ans-a-enghien\/#primaryimage\",\"url\":\"https:\/\/www.mauxenmots.be\/wp-content\/uploads\/2025\/06\/le_petit_cedre_263x110-min.png\",\"contentUrl\":\"https:\/\/www.mauxenmots.be\/wp-content\/uploads\/2025\/06\/le_petit_cedre_263x110-min.png\",\"width\":263,\"height\":110},{\"@type\":\"BreadcrumbList\",\"@id\":\"https:\/\/www.mauxenmots.be\/index.php\/2025\/06\/29\/le-petit-cedre-accueil-enfants-parents-0-3-ans-a-enghien\/#breadcrumb\",\"itemListElement\":[{\"@type\":\"ListItem\",\"position\":1,\"name\":\"Accueil\",\"item\":\"https:\/\/www.mauxenmots.be\/\"},{\"@type\":\"ListItem\",\"position\":2,\"name\":\"Le petit c\u00e8dre\"}]},{\"@type\":\"WebSite\",\"@id\":\"https:\/\/www.mauxenmots.be\/#website\",\"url\":\"https:\/\/www.mauxenmots.be\/\",\"name\":\"Maux en Mots\",\"description\":\"\",\"publisher\":{\"@id\":\"https:\/\/www.mauxenmots.be\/#organization\"},\"potentialAction\":[{\"@type\":\"SearchAction\",\"target\":{\"@type\":\"EntryPoint\",\"urlTemplate\":\"https:\/\/www.mauxenmots.be\/?s={search_term_string}\"},\"query-input\":{\"@type\":\"PropertyValueSpecification\",\"valueRequired\":true,\"valueName\":\"search_term_string\"}}],\"inLanguage\":\"fr-FR\"},{\"@type\":\"Organization\",\"@id\":\"https:\/\/www.mauxenmots.be\/#organization\",\"name\":\"Maux en Mots\",\"url\":\"https:\/\/www.mauxenmots.be\/\",\"logo\":{\"@type\":\"ImageObject\",\"inLanguage\":\"fr-FR\",\"@id\":\"https:\/\/www.mauxenmots.be\/#\/schema\/logo\/image\/\",\"url\":\"https:\/\/www.mauxenmots.be\/wp-content\/uploads\/2025\/05\/cropped-cropped-IMG-20250122-WA0005-min.jpg\",\"contentUrl\":\"https:\/\/www.mauxenmots.be\/wp-content\/uploads\/2025\/05\/cropped-cropped-IMG-20250122-WA0005-min.jpg\",\"width\":200,\"height\":199,\"caption\":\"Maux en Mots\"},\"image\":{\"@id\":\"https:\/\/www.mauxenmots.be\/#\/schema\/logo\/image\/\"}},{\"@type\":\"Person\",\"@id\":\"https:\/\/www.mauxenmots.be\/#\/schema\/person\/fb3e3fc4a43dc0f6e2e04d9b915cc014\",\"name\":\"Claude Robalo\",\"image\":{\"@type\":\"ImageObject\",\"inLanguage\":\"fr-FR\",\"@id\":\"https:\/\/www.mauxenmots.be\/#\/schema\/person\/image\/\",\"url\":\"https:\/\/www.mauxenmots.be\/wp-content\/uploads\/2025\/05\/cropped-cropped-help-icon1.jpg\",\"contentUrl\":\"https:\/\/www.mauxenmots.be\/wp-content\/uploads\/2025\/05\/cropped-cropped-help-icon1.jpg\",\"caption\":\"Claude Robalo\"},\"sameAs\":[\"https:\/\/cartographie.clauderobalo.be\"],\"url\":\"https:\/\/www.mauxenmots.be\/index.php\/author\/robcla\/\"}]}<\/script>\n<!-- \/ Yoast SEO plugin. -->","yoast_head_json":{"title":"Le petit c\u00e8dre - Maux en Mots","description":"Le Petit C\u00e8dre accueille les enfants de 0 \u00e0 3 ans avec leurs parents les mardis et vendredis (10h-12h). Profitez de nos salles de jeux \u00e9quip\u00e9es et d'un espace s\u00e9curis\u00e9 pour votre tout-petit.","robots":{"index":"index","follow":"follow","max-snippet":"max-snippet:-1","max-image-preview":"max-image-preview:large","max-video-preview":"max-video-preview:-1"},"canonical":"https:\/\/www.mauxenmots.be\/index.php\/2025\/06\/29\/le-petit-cedre-accueil-enfants-parents-0-3-ans-a-enghien\/","og_locale":"fr_FR","og_type":"article","og_title":"Le petit c\u00e8dre - Maux en Mots","og_description":"Le Petit C\u00e8dre accueille les enfants de 0 \u00e0 3 ans avec leurs parents les mardis et vendredis (10h-12h). Profitez de nos salles de jeux \u00e9quip\u00e9es et d'un espace s\u00e9curis\u00e9 pour votre tout-petit.","og_url":"https:\/\/www.mauxenmots.be\/index.php\/2025\/06\/29\/le-petit-cedre-accueil-enfants-parents-0-3-ans-a-enghien\/","og_site_name":"Maux en Mots","article_published_time":"2025-06-29T09:11:40+00:00","article_modified_time":"2025-06-29T09:33:11+00:00","og_image":[{"width":263,"height":110,"url":"https:\/\/www.mauxenmots.be\/wp-content\/uploads\/2025\/06\/le_petit_cedre_263x110-min.png","type":"image\/png"}],"author":"Claude Robalo","twitter_card":"summary_large_image","twitter_misc":{"\u00c9crit par":"Claude Robalo","Dur\u00e9e de lecture estim\u00e9e":"4 minutes"},"schema":{"@context":"https:\/\/schema.org","@graph":[{"@type":"Article","@id":"https:\/\/www.mauxenmots.be\/index.php\/2025\/06\/29\/le-petit-cedre-accueil-enfants-parents-0-3-ans-a-enghien\/#article","isPartOf":{"@id":"https:\/\/www.mauxenmots.be\/index.php\/2025\/06\/29\/le-petit-cedre-accueil-enfants-parents-0-3-ans-a-enghien\/"},"author":{"name":"Claude Robalo","@id":"https:\/\/www.mauxenmots.be\/#\/schema\/person\/fb3e3fc4a43dc0f6e2e04d9b915cc014"},"headline":"Le petit c\u00e8dre","datePublished":"2025-06-29T09:11:40+00:00","dateModified":"2025-06-29T09:33:11+00:00","mainEntityOfPage":{"@id":"https:\/\/www.mauxenmots.be\/index.php\/2025\/06\/29\/le-petit-cedre-accueil-enfants-parents-0-3-ans-a-enghien\/"},"wordCount":757,"publisher":{"@id":"https:\/\/www.mauxenmots.be\/#organization"},"image":{"@id":"https:\/\/www.mauxenmots.be\/index.php\/2025\/06\/29\/le-petit-cedre-accueil-enfants-parents-0-3-ans-a-enghien\/#primaryimage"},"thumbnailUrl":"https:\/\/www.mauxenmots.be\/wp-content\/uploads\/2025\/06\/le_petit_cedre_263x110-min.png","keywords":["accueil parents b\u00e9b\u00e9","Maison ouverte"],"articleSection":["R\u00e9seau sant\u00e9 mentale Enghien"],"inLanguage":"fr-FR"},{"@type":"WebPage","@id":"https:\/\/www.mauxenmots.be\/index.php\/2025\/06\/29\/le-petit-cedre-accueil-enfants-parents-0-3-ans-a-enghien\/","url":"https:\/\/www.mauxenmots.be\/index.php\/2025\/06\/29\/le-petit-cedre-accueil-enfants-parents-0-3-ans-a-enghien\/","name":"Le petit c\u00e8dre - Maux en Mots","isPartOf":{"@id":"https:\/\/www.mauxenmots.be\/#website"},"primaryImageOfPage":{"@id":"https:\/\/www.mauxenmots.be\/index.php\/2025\/06\/29\/le-petit-cedre-accueil-enfants-parents-0-3-ans-a-enghien\/#primaryimage"},"image":{"@id":"https:\/\/www.mauxenmots.be\/index.php\/2025\/06\/29\/le-petit-cedre-accueil-enfants-parents-0-3-ans-a-enghien\/#primaryimage"},"thumbnailUrl":"https:\/\/www.mauxenmots.be\/wp-content\/uploads\/2025\/06\/le_petit_cedre_263x110-min.png","datePublished":"2025-06-29T09:11:40+00:00","dateModified":"2025-06-29T09:33:11+00:00","description":"Le Petit C\u00e8dre accueille les enfants de 0 \u00e0 3 ans avec leurs parents les mardis et vendredis (10h-12h). Profitez de nos salles de jeux \u00e9quip\u00e9es et d'un espace s\u00e9curis\u00e9 pour votre tout-petit.","breadcrumb":{"@id":"https:\/\/www.mauxenmots.be\/index.php\/2025\/06\/29\/le-petit-cedre-accueil-enfants-parents-0-3-ans-a-enghien\/#breadcrumb"},"inLanguage":"fr-FR","potentialAction":[{"@type":"ReadAction","target":["https:\/\/www.mauxenmots.be\/index.php\/2025\/06\/29\/le-petit-cedre-accueil-enfants-parents-0-3-ans-a-enghien\/"]}]},{"@type":"ImageObject","inLanguage":"fr-FR","@id":"https:\/\/www.mauxenmots.be\/index.php\/2025\/06\/29\/le-petit-cedre-accueil-enfants-parents-0-3-ans-a-enghien\/#primaryimage","url":"https:\/\/www.mauxenmots.be\/wp-content\/uploads\/2025\/06\/le_petit_cedre_263x110-min.png","contentUrl":"https:\/\/www.mauxenmots.be\/wp-content\/uploads\/2025\/06\/le_petit_cedre_263x110-min.png","width":263,"height":110},{"@type":"BreadcrumbList","@id":"https:\/\/www.mauxenmots.be\/index.php\/2025\/06\/29\/le-petit-cedre-accueil-enfants-parents-0-3-ans-a-enghien\/#breadcrumb","itemListElement":[{"@type":"ListItem","position":1,"name":"Accueil","item":"https:\/\/www.mauxenmots.be\/"},{"@type":"ListItem","position":2,"name":"Le petit c\u00e8dre"}]},{"@type":"WebSite","@id":"https:\/\/www.mauxenmots.be\/#website","url":"https:\/\/www.mauxenmots.be\/","name":"Maux en Mots","description":"","publisher":{"@id":"https:\/\/www.mauxenmots.be\/#organization"},"potentialAction":[{"@type":"SearchAction","target":{"@type":"EntryPoint","urlTemplate":"https:\/\/www.mauxenmots.be\/?s={search_term_string}"},"query-input":{"@type":"PropertyValueSpecification","valueRequired":true,"valueName":"search_term_string"}}],"inLanguage":"fr-FR"},{"@type":"Organization","@id":"https:\/\/www.mauxenmots.be\/#organization","name":"Maux en Mots","url":"https:\/\/www.mauxenmots.be\/","logo":{"@type":"ImageObject","inLanguage":"fr-FR","@id":"https:\/\/www.mauxenmots.be\/#\/schema\/logo\/image\/","url":"https:\/\/www.mauxenmots.be\/wp-content\/uploads\/2025\/05\/cropped-cropped-IMG-20250122-WA0005-min.jpg","contentUrl":"https:\/\/www.mauxenmots.be\/wp-content\/uploads\/2025\/05\/cropped-cropped-IMG-20250122-WA0005-min.jpg","width":200,"height":199,"caption":"Maux en Mots"},"image":{"@id":"https:\/\/www.mauxenmots.be\/#\/schema\/logo\/image\/"}},{"@type":"Person","@id":"https:\/\/www.mauxenmots.be\/#\/schema\/person\/fb3e3fc4a43dc0f6e2e04d9b915cc014","name":"Claude Robalo","image":{"@type":"ImageObject","inLanguage":"fr-FR","@id":"https:\/\/www.mauxenmots.be\/#\/schema\/person\/image\/","url":"https:\/\/www.mauxenmots.be\/wp-content\/uploads\/2025\/05\/cropped-cropped-help-icon1.jpg","contentUrl":"https:\/\/www.mauxenmots.be\/wp-content\/uploads\/2025\/05\/cropped-cropped-help-icon1.jpg","caption":"Claude Robalo"},"sameAs":["https:\/\/cartographie.clauderobalo.be"],"url":"https:\/\/www.mauxenmots.be\/index.php\/author\/robcla\/"}]}},"_links":{"self":[{"href":"https:\/\/www.mauxenmots.be\/index.php\/wp-json\/wp\/v2\/posts\/927","targetHints":{"allow":["GET"]}}],"collection":[{"href":"https:\/\/www.mauxenmots.be\/index.php\/wp-json\/wp\/v2\/posts"}],"about":[{"href":"https:\/\/www.mauxenmots.be\/index.php\/wp-json\/wp\/v2\/types\/post"}],"author":[{"embeddable":true,"href":"https:\/\/www.mauxenmots.be\/index.php\/wp-json\/wp\/v2\/users\/2"}],"replies":[{"embeddable":true,"href":"https:\/\/www.mauxenmots.be\/index.php\/wp-json\/wp\/v2\/comments?post=927"}],"version-history":[{"count":9,"href":"https:\/\/www.mauxenmots.be\/index.php\/wp-json\/wp\/v2\/posts\/927\/revisions"}],"predecessor-version":[{"id":939,"href":"https:\/\/www.mauxenmots.be\/index.php\/wp-json\/wp\/v2\/posts\/927\/revisions\/939"}],"wp:featuredmedia":[{"embeddable":true,"href":"https:\/\/www.mauxenmots.be\/index.php\/wp-json\/wp\/v2\/media\/930"}],"wp:attachment":[{"href":"https:\/\/www.mauxenmots.be\/index.php\/wp-json\/wp\/v2\/media?parent=927"}],"wp:term":[{"taxonomy":"category","embeddable":true,"href":"https:\/\/www.mauxenmots.be\/index.php\/wp-json\/wp\/v2\/categories?post=927"},{"taxonomy":"post_tag","embeddable":true,"href":"https:\/\/www.mauxenmots.be\/index.php\/wp-json\/wp\/v2\/tags?post=927"}],"curies":[{"name":"wp","href":"https:\/\/api.w.org\/{rel}","templated":true}]}}